{"id":11809,"date":"2026-03-12T15:00:00","date_gmt":"2026-03-12T14:00:00","guid":{"rendered":"https:\/\/www.ost.lu\/?p=11809"},"modified":"2026-03-18T16:07:31","modified_gmt":"2026-03-18T15:07:31","slug":"neue-oeffnungszeiten","status":"publish","type":"post","link":"https:\/\/www.ost.lu\/de\/neue-oeffnungszeiten\/","title":{"rendered":"Neue \u00d6ffnungszeiten"},"content":{"rendered":"\t\t<div data-elementor-type=\"wp-post\" data-elementor-id=\"11809\" class=\"elementor elementor-11809 elementor-11808\" data-elementor-post-type=\"post\">\n\t\t\t\t\t\t<section class=\"elementor-section elementor-top-section elementor-element elementor-element-38b20e1e elementor-section-boxed elementor-section-height-default elementor-section-height-default sc_fly_static\" data-id=\"38b20e1e\" data-element_type=\"section\">\n\t\t\t\t\t\t<div class=\"elementor-container elementor-column-gap-extended\">\n\t\t\t\t\t<div class=\"elementor-column elementor-col-100 elementor-top-column elementor-element elementor-element-100c3f44 sc_inner_width_none sc_content_align_inherit sc_layouts_column_icons_position_left sc_fly_static\" data-id=\"100c3f44\" data-element_type=\"column\">\n\t\t\t<div class=\"elementor-widget-wrap elementor-element-populated\">\n\t\t\t\t\t\t<div class=\"elementor-element elementor-element-12ee7a75 elementor-widget__width-initial sc_fly_static elementor-widget elementor-widget-text-editor\" data-id=\"12ee7a75\" data-element_type=\"widget\" data-widget_type=\"text-editor.default\">\n\t\t\t\t<div class=\"elementor-widget-container\">\n\t\t\t\t\t\t\t\t\t<div class=\"kvgmc6g5 cxmmr5t8 oygrvhab hcukyx3x c1et5uql ii04i59q\"><div class=\"\" data-block=\"true\" data-editor=\"2q77q\" data-offset-key=\"fho7f-0-0\"><div class=\"_1mf _1mj\" data-offset-key=\"fho7f-0-0\"><p class=\"cvGsUA direction-ltr align-start para-style-body\"><span class=\"a_GcMg font-feature-liga-off font-feature-clig-off font-feature-calt-off text-decoration-none text-strikethrough-none\">Ab Mitte M\u00e4rz 2026 \u00e4ndern sich unsere \u00d6ffnungszeiten:<\/span><\/p><p class=\"cvGsUA direction-ltr align-start para-style-body\"><span class=\"a_GcMg font-feature-liga-off font-feature-clig-off font-feature-calt-off text-decoration-none text-strikethrough-none\"><strong>Ab Samstag, 14.03.2026<\/strong> bleibt unsere Expo in Zukunft <\/span><span style=\"text-decoration: underline;\"><strong><span class=\"a_GcMg font-feature-liga-off font-feature-clig-off font-feature-calt-off text-strikethrough-none text-decoration-underline\">samstags geschlossen<\/span><\/strong><\/span><span class=\"a_GcMg font-feature-liga-off font-feature-clig-off font-feature-calt-off text-strikethrough-none text-decoration-none\">!<\/span><\/p><p class=\"cvGsUA direction-ltr align-start para-style-body\"><span class=\"a_GcMg font-feature-liga-off font-feature-clig-off font-feature-calt-off text-decoration-none text-strikethrough-none\">Wir sind jedoch weiterhin von Montag &#8211; Freitag f\u00fcr Sie da!<\/span><\/p><\/div><\/div><\/div>\t\t\t\t\t\t\t\t<\/div>\n\t\t\t\t<\/div>\n\t\t\t\t\t<\/div>\n\t\t<\/div>\n\t\t\t\t\t<\/div>\n\t\t<\/section>\n\t\t\t\t<\/div>\n\t\t","protected":false},"excerpt":{"rendered":"<p class=\"align-justify\">Neue \u00d6ffnungszeiten &#8211; samstags geschlossen<\/p>\n","protected":false},"author":5,"featured_media":30858,"comment_status":"closed","ping_status":"closed","sticky":false,"template":"","format":"aside","meta":{"footnotes":"","_links_to":"","_links_to_target":""},"categories":[31],"tags":[],"class_list":["post-11809","post","type-post","status-publish","format-aside","has-post-thumbnail","hentry","category-entreprise-news-de","post_format-post-format-aside"],"yoast_head":"<!-- This site is optimized with the Yoast SEO plugin v27.4 - https:\/\/yoast.com\/product\/yoast-seo-wordpress\/ -->\n<title>Neue \u00d6ffnungszeiten - OST-Fenster<\/title>\n<meta name=\"robots\" content=\"index, follow, max-snippet:-1, max-image-preview:large, max-video-preview:-1\" \/>\n<link rel=\"canonical\" href=\"https:\/\/www.ost.lu\/de\/neue-oeffnungszeiten\/\" \/>\n<meta property=\"og:locale\" content=\"de_DE\" \/>\n<meta property=\"og:type\" content=\"article\" \/>\n<meta property=\"og:title\" content=\"Neue \u00d6ffnungszeiten - OST-Fenster\" \/>\n<meta property=\"og:description\" content=\"Neue \u00d6ffnungszeiten - samstags geschlossen\" \/>\n<meta property=\"og:url\" content=\"https:\/\/www.ost.lu\/de\/neue-oeffnungszeiten\/\" \/>\n<meta property=\"og:site_name\" content=\"OST-Fenster\" \/>\n<meta property=\"article:publisher\" content=\"https:\/\/www.facebook.com\/OSTFenster\/\" \/>\n<meta property=\"article:published_time\" content=\"2026-03-12T14:00:00+00:00\" \/>\n<meta property=\"article:modified_time\" content=\"2026-03-18T15:07:31+00:00\" \/>\n<meta property=\"og:image\" content=\"https:\/\/www.ost.lu\/wp-content\/uploads\/2025\/12\/Samstags-geschlossen-Facebook-Post.jpg\" \/>\n\t<meta property=\"og:image:width\" content=\"940\" \/>\n\t<meta property=\"og:image:height\" content=\"788\" \/>\n\t<meta property=\"og:image:type\" content=\"image\/jpeg\" \/>\n<meta name=\"author\" content=\"Sarah\" \/>\n<meta name=\"twitter:card\" content=\"summary_large_image\" \/>\n<meta name=\"twitter:label1\" content=\"Verfasst von\" \/>\n\t<meta name=\"twitter:data1\" content=\"Sarah\" \/>\n\t<meta name=\"twitter:label2\" content=\"Gesch\u00e4tzte Lesezeit\" \/>\n\t<meta name=\"twitter:data2\" content=\"1\u00a0Minute\" \/>\n<script type=\"application\/ld+json\" class=\"yoast-schema-graph\">{\"@context\":\"https:\\\/\\\/schema.org\",\"@graph\":[{\"@type\":\"Article\",\"@id\":\"https:\\\/\\\/www.ost.lu\\\/de\\\/neue-oeffnungszeiten\\\/#article\",\"isPartOf\":{\"@id\":\"https:\\\/\\\/www.ost.lu\\\/de\\\/neue-oeffnungszeiten\\\/\"},\"author\":{\"name\":\"Sarah\",\"@id\":\"https:\\\/\\\/www.ost.lu\\\/de\\\/#\\\/schema\\\/person\\\/de9ee7e4024402e658b85755441a4afd\"},\"headline\":\"Neue \u00d6ffnungszeiten\",\"datePublished\":\"2026-03-12T14:00:00+00:00\",\"dateModified\":\"2026-03-18T15:07:31+00:00\",\"mainEntityOfPage\":{\"@id\":\"https:\\\/\\\/www.ost.lu\\\/de\\\/neue-oeffnungszeiten\\\/\"},\"wordCount\":31,\"publisher\":{\"@id\":\"https:\\\/\\\/www.ost.lu\\\/de\\\/#organization\"},\"image\":{\"@id\":\"https:\\\/\\\/www.ost.lu\\\/de\\\/neue-oeffnungszeiten\\\/#primaryimage\"},\"thumbnailUrl\":\"https:\\\/\\\/www.ost.lu\\\/wp-content\\\/uploads\\\/2025\\\/12\\\/Samstags-geschlossen-Facebook-Post.jpg\",\"articleSection\":[\"Unternehmen\"],\"inLanguage\":\"de\"},{\"@type\":\"WebPage\",\"@id\":\"https:\\\/\\\/www.ost.lu\\\/de\\\/neue-oeffnungszeiten\\\/\",\"url\":\"https:\\\/\\\/www.ost.lu\\\/de\\\/neue-oeffnungszeiten\\\/\",\"name\":\"Neue \u00d6ffnungszeiten - OST-Fenster\",\"isPartOf\":{\"@id\":\"https:\\\/\\\/www.ost.lu\\\/de\\\/#website\"},\"primaryImageOfPage\":{\"@id\":\"https:\\\/\\\/www.ost.lu\\\/de\\\/neue-oeffnungszeiten\\\/#primaryimage\"},\"image\":{\"@id\":\"https:\\\/\\\/www.ost.lu\\\/de\\\/neue-oeffnungszeiten\\\/#primaryimage\"},\"thumbnailUrl\":\"https:\\\/\\\/www.ost.lu\\\/wp-content\\\/uploads\\\/2025\\\/12\\\/Samstags-geschlossen-Facebook-Post.jpg\",\"datePublished\":\"2026-03-12T14:00:00+00:00\",\"dateModified\":\"2026-03-18T15:07:31+00:00\",\"breadcrumb\":{\"@id\":\"https:\\\/\\\/www.ost.lu\\\/de\\\/neue-oeffnungszeiten\\\/#breadcrumb\"},\"inLanguage\":\"de\",\"potentialAction\":[{\"@type\":\"ReadAction\",\"target\":[\"https:\\\/\\\/www.ost.lu\\\/de\\\/neue-oeffnungszeiten\\\/\"]}]},{\"@type\":\"ImageObject\",\"inLanguage\":\"de\",\"@id\":\"https:\\\/\\\/www.ost.lu\\\/de\\\/neue-oeffnungszeiten\\\/#primaryimage\",\"url\":\"https:\\\/\\\/www.ost.lu\\\/wp-content\\\/uploads\\\/2025\\\/12\\\/Samstags-geschlossen-Facebook-Post.jpg\",\"contentUrl\":\"https:\\\/\\\/www.ost.lu\\\/wp-content\\\/uploads\\\/2025\\\/12\\\/Samstags-geschlossen-Facebook-Post.jpg\",\"width\":940,\"height\":788,\"caption\":\"samstags geschlossen - neue \u00f6ffnungszeiten\"},{\"@type\":\"BreadcrumbList\",\"@id\":\"https:\\\/\\\/www.ost.lu\\\/de\\\/neue-oeffnungszeiten\\\/#breadcrumb\",\"itemListElement\":[{\"@type\":\"ListItem\",\"position\":1,\"name\":\"Startseite\",\"item\":\"https:\\\/\\\/www.ost.lu\\\/de\\\/\"},{\"@type\":\"ListItem\",\"position\":2,\"name\":\"Neue \u00d6ffnungszeiten\"}]},{\"@type\":\"WebSite\",\"@id\":\"https:\\\/\\\/www.ost.lu\\\/de\\\/#website\",\"url\":\"https:\\\/\\\/www.ost.lu\\\/de\\\/\",\"name\":\"OST-Fenster\",\"description\":\"Fenster, T\u00fcren, Glassfassaden\",\"publisher\":{\"@id\":\"https:\\\/\\\/www.ost.lu\\\/de\\\/#organization\"},\"potentialAction\":[{\"@type\":\"SearchAction\",\"target\":{\"@type\":\"EntryPoint\",\"urlTemplate\":\"https:\\\/\\\/www.ost.lu\\\/de\\\/?s={search_term_string}\"},\"query-input\":{\"@type\":\"PropertyValueSpecification\",\"valueRequired\":true,\"valueName\":\"search_term_string\"}}],\"inLanguage\":\"de\"},{\"@type\":\"Organization\",\"@id\":\"https:\\\/\\\/www.ost.lu\\\/de\\\/#organization\",\"name\":\"OST-Fenster S.A.\",\"url\":\"https:\\\/\\\/www.ost.lu\\\/de\\\/\",\"logo\":{\"@type\":\"ImageObject\",\"inLanguage\":\"de\",\"@id\":\"https:\\\/\\\/www.ost.lu\\\/de\\\/#\\\/schema\\\/logo\\\/image\\\/\",\"url\":\"https:\\\/\\\/www.ost.lu\\\/wp-content\\\/uploads\\\/2020\\\/01\\\/OSTlogo2_retina.png\",\"contentUrl\":\"https:\\\/\\\/www.ost.lu\\\/wp-content\\\/uploads\\\/2020\\\/01\\\/OSTlogo2_retina.png\",\"width\":239,\"height\":182,\"caption\":\"OST-Fenster S.A.\"},\"image\":{\"@id\":\"https:\\\/\\\/www.ost.lu\\\/de\\\/#\\\/schema\\\/logo\\\/image\\\/\"},\"sameAs\":[\"https:\\\/\\\/www.facebook.com\\\/OSTFenster\\\/\",\"https:\\\/\\\/www.linkedin.com\\\/company\\\/ost-fenster\\\/?originalSubdomain=lu\"]},{\"@type\":\"Person\",\"@id\":\"https:\\\/\\\/www.ost.lu\\\/de\\\/#\\\/schema\\\/person\\\/de9ee7e4024402e658b85755441a4afd\",\"name\":\"Sarah\"}]}<\/script>\n<!-- \/ Yoast SEO plugin. -->","yoast_head_json":{"title":"Neue \u00d6ffnungszeiten - OST-Fenster","robots":{"index":"index","follow":"follow","max-snippet":"max-snippet:-1","max-image-preview":"max-image-preview:large","max-video-preview":"max-video-preview:-1"},"canonical":"https:\/\/www.ost.lu\/de\/neue-oeffnungszeiten\/","og_locale":"de_DE","og_type":"article","og_title":"Neue \u00d6ffnungszeiten - OST-Fenster","og_description":"Neue \u00d6ffnungszeiten - samstags geschlossen","og_url":"https:\/\/www.ost.lu\/de\/neue-oeffnungszeiten\/","og_site_name":"OST-Fenster","article_publisher":"https:\/\/www.facebook.com\/OSTFenster\/","article_published_time":"2026-03-12T14:00:00+00:00","article_modified_time":"2026-03-18T15:07:31+00:00","og_image":[{"width":940,"height":788,"url":"https:\/\/www.ost.lu\/wp-content\/uploads\/2025\/12\/Samstags-geschlossen-Facebook-Post.jpg","type":"image\/jpeg"}],"author":"Sarah","twitter_card":"summary_large_image","twitter_misc":{"Verfasst von":"Sarah","Gesch\u00e4tzte Lesezeit":"1\u00a0Minute"},"schema":{"@context":"https:\/\/schema.org","@graph":[{"@type":"Article","@id":"https:\/\/www.ost.lu\/de\/neue-oeffnungszeiten\/#article","isPartOf":{"@id":"https:\/\/www.ost.lu\/de\/neue-oeffnungszeiten\/"},"author":{"name":"Sarah","@id":"https:\/\/www.ost.lu\/de\/#\/schema\/person\/de9ee7e4024402e658b85755441a4afd"},"headline":"Neue \u00d6ffnungszeiten","datePublished":"2026-03-12T14:00:00+00:00","dateModified":"2026-03-18T15:07:31+00:00","mainEntityOfPage":{"@id":"https:\/\/www.ost.lu\/de\/neue-oeffnungszeiten\/"},"wordCount":31,"publisher":{"@id":"https:\/\/www.ost.lu\/de\/#organization"},"image":{"@id":"https:\/\/www.ost.lu\/de\/neue-oeffnungszeiten\/#primaryimage"},"thumbnailUrl":"https:\/\/www.ost.lu\/wp-content\/uploads\/2025\/12\/Samstags-geschlossen-Facebook-Post.jpg","articleSection":["Unternehmen"],"inLanguage":"de"},{"@type":"WebPage","@id":"https:\/\/www.ost.lu\/de\/neue-oeffnungszeiten\/","url":"https:\/\/www.ost.lu\/de\/neue-oeffnungszeiten\/","name":"Neue \u00d6ffnungszeiten - OST-Fenster","isPartOf":{"@id":"https:\/\/www.ost.lu\/de\/#website"},"primaryImageOfPage":{"@id":"https:\/\/www.ost.lu\/de\/neue-oeffnungszeiten\/#primaryimage"},"image":{"@id":"https:\/\/www.ost.lu\/de\/neue-oeffnungszeiten\/#primaryimage"},"thumbnailUrl":"https:\/\/www.ost.lu\/wp-content\/uploads\/2025\/12\/Samstags-geschlossen-Facebook-Post.jpg","datePublished":"2026-03-12T14:00:00+00:00","dateModified":"2026-03-18T15:07:31+00:00","breadcrumb":{"@id":"https:\/\/www.ost.lu\/de\/neue-oeffnungszeiten\/#breadcrumb"},"inLanguage":"de","potentialAction":[{"@type":"ReadAction","target":["https:\/\/www.ost.lu\/de\/neue-oeffnungszeiten\/"]}]},{"@type":"ImageObject","inLanguage":"de","@id":"https:\/\/www.ost.lu\/de\/neue-oeffnungszeiten\/#primaryimage","url":"https:\/\/www.ost.lu\/wp-content\/uploads\/2025\/12\/Samstags-geschlossen-Facebook-Post.jpg","contentUrl":"https:\/\/www.ost.lu\/wp-content\/uploads\/2025\/12\/Samstags-geschlossen-Facebook-Post.jpg","width":940,"height":788,"caption":"samstags geschlossen - neue \u00f6ffnungszeiten"},{"@type":"BreadcrumbList","@id":"https:\/\/www.ost.lu\/de\/neue-oeffnungszeiten\/#breadcrumb","itemListElement":[{"@type":"ListItem","position":1,"name":"Startseite","item":"https:\/\/www.ost.lu\/de\/"},{"@type":"ListItem","position":2,"name":"Neue \u00d6ffnungszeiten"}]},{"@type":"WebSite","@id":"https:\/\/www.ost.lu\/de\/#website","url":"https:\/\/www.ost.lu\/de\/","name":"OST-Fenster","description":"Fenster, T\u00fcren, Glassfassaden","publisher":{"@id":"https:\/\/www.ost.lu\/de\/#organization"},"potentialAction":[{"@type":"SearchAction","target":{"@type":"EntryPoint","urlTemplate":"https:\/\/www.ost.lu\/de\/?s={search_term_string}"},"query-input":{"@type":"PropertyValueSpecification","valueRequired":true,"valueName":"search_term_string"}}],"inLanguage":"de"},{"@type":"Organization","@id":"https:\/\/www.ost.lu\/de\/#organization","name":"OST-Fenster S.A.","url":"https:\/\/www.ost.lu\/de\/","logo":{"@type":"ImageObject","inLanguage":"de","@id":"https:\/\/www.ost.lu\/de\/#\/schema\/logo\/image\/","url":"https:\/\/www.ost.lu\/wp-content\/uploads\/2020\/01\/OSTlogo2_retina.png","contentUrl":"https:\/\/www.ost.lu\/wp-content\/uploads\/2020\/01\/OSTlogo2_retina.png","width":239,"height":182,"caption":"OST-Fenster S.A."},"image":{"@id":"https:\/\/www.ost.lu\/de\/#\/schema\/logo\/image\/"},"sameAs":["https:\/\/www.facebook.com\/OSTFenster\/","https:\/\/www.linkedin.com\/company\/ost-fenster\/?originalSubdomain=lu"]},{"@type":"Person","@id":"https:\/\/www.ost.lu\/de\/#\/schema\/person\/de9ee7e4024402e658b85755441a4afd","name":"Sarah"}]}},"_links":{"self":[{"href":"https:\/\/www.ost.lu\/de\/wp-json\/wp\/v2\/posts\/11809","targetHints":{"allow":["GET"]}}],"collection":[{"href":"https:\/\/www.ost.lu\/de\/wp-json\/wp\/v2\/posts"}],"about":[{"href":"https:\/\/www.ost.lu\/de\/wp-json\/wp\/v2\/types\/post"}],"author":[{"embeddable":true,"href":"https:\/\/www.ost.lu\/de\/wp-json\/wp\/v2\/users\/5"}],"replies":[{"embeddable":true,"href":"https:\/\/www.ost.lu\/de\/wp-json\/wp\/v2\/comments?post=11809"}],"version-history":[{"count":88,"href":"https:\/\/www.ost.lu\/de\/wp-json\/wp\/v2\/posts\/11809\/revisions"}],"predecessor-version":[{"id":30981,"href":"https:\/\/www.ost.lu\/de\/wp-json\/wp\/v2\/posts\/11809\/revisions\/30981"}],"wp:featuredmedia":[{"embeddable":true,"href":"https:\/\/www.ost.lu\/de\/wp-json\/wp\/v2\/media\/30858"}],"wp:attachment":[{"href":"https:\/\/www.ost.lu\/de\/wp-json\/wp\/v2\/media?parent=11809"}],"wp:term":[{"taxonomy":"category","embeddable":true,"href":"https:\/\/www.ost.lu\/de\/wp-json\/wp\/v2\/categories?post=11809"},{"taxonomy":"post_tag","embeddable":true,"href":"https:\/\/www.ost.lu\/de\/wp-json\/wp\/v2\/tags?post=11809"}],"curies":[{"name":"wp","href":"https:\/\/api.w.org\/{rel}","templated":true}]}}