{"id":11814,"date":"2026-03-12T15:00:00","date_gmt":"2026-03-12T14:00:00","guid":{"rendered":"https:\/\/www.ost.lu\/?p=11814"},"modified":"2026-03-12T13:16:54","modified_gmt":"2026-03-12T12:16:54","slug":"nouvelles-heures-douverture","status":"publish","type":"post","link":"https:\/\/www.ost.lu\/fr\/nouvelles-heures-douverture\/","title":{"rendered":"Nouvelles heures d&rsquo;ouverture"},"content":{"rendered":"\t\t<div data-elementor-type=\"wp-post\" data-elementor-id=\"11814\" class=\"elementor elementor-11814 elementor-11808\" data-elementor-post-type=\"post\">\n\t\t\t\t\t\t<section class=\"elementor-section elementor-top-section elementor-element elementor-element-38b20e1e elementor-section-boxed elementor-section-height-default elementor-section-height-default sc_fly_static\" data-id=\"38b20e1e\" data-element_type=\"section\">\n\t\t\t\t\t\t<div class=\"elementor-container elementor-column-gap-extended\">\n\t\t\t\t\t<div class=\"elementor-column elementor-col-100 elementor-top-column elementor-element elementor-element-100c3f44 sc_inner_width_none sc_content_align_inherit sc_layouts_column_icons_position_left sc_fly_static\" data-id=\"100c3f44\" data-element_type=\"column\">\n\t\t\t<div class=\"elementor-widget-wrap elementor-element-populated\">\n\t\t\t\t\t\t<div class=\"elementor-element elementor-element-12ee7a75 elementor-widget__width-initial sc_fly_static elementor-widget elementor-widget-text-editor\" data-id=\"12ee7a75\" data-element_type=\"widget\" data-widget_type=\"text-editor.default\">\n\t\t\t\t<div class=\"elementor-widget-container\">\n\t\t\t\t\t\t\t\t\t<div class=\"kvgmc6g5 cxmmr5t8 oygrvhab hcukyx3x c1et5uql ii04i59q\"><div class=\"\" data-block=\"true\" data-editor=\"2q77q\" data-offset-key=\"fho7f-0-0\"><div class=\"_1mf _1mj\" data-offset-key=\"fho7f-0-0\"><p class=\"cvGsUA direction-ltr align-start para-style-body\"><span class=\"a_GcMg font-feature-liga-off font-feature-clig-off font-feature-calt-off text-decoration-none text-strikethrough-none\">\u00c0 partir de la mi-mars 2026, nos heures d&rsquo;ouverture changeront :<\/span><\/p><p class=\"cvGsUA direction-ltr align-start para-style-body\"><span class=\"a_GcMg font-feature-liga-off font-feature-clig-off font-feature-calt-off text-decoration-none text-strikethrough-none\">\u00c0 partir du<strong> samedi 14.03.2026<\/strong>, nous serons d\u00e9sormais <span style=\"text-decoration: underline;\"><strong>f<\/strong><strong>erm\u00e9s le samedi<\/strong><\/span> !<\/span><\/p><p class=\"cvGsUA direction-ltr align-start para-style-body\"><span class=\"a_GcMg font-feature-liga-off font-feature-clig-off font-feature-calt-off text-decoration-none text-strikethrough-none\">Nous restons toutefois \u00e0 votre disposition du lundi au vendredi !<\/span><\/p><\/div><\/div><\/div>\t\t\t\t\t\t\t\t<\/div>\n\t\t\t\t<\/div>\n\t\t\t\t\t<\/div>\n\t\t<\/div>\n\t\t\t\t\t<\/div>\n\t\t<\/section>\n\t\t\t\t<\/div>\n\t\t","protected":false},"excerpt":{"rendered":"<p class=\"align-justify\">Nouvelles heures d&rsquo;ouverture!<\/p>\n","protected":false},"author":5,"featured_media":30887,"comment_status":"closed","ping_status":"closed","sticky":false,"template":"","format":"aside","meta":{"footnotes":"","_links_to":"","_links_to_target":""},"categories":[64],"tags":[],"class_list":["post-11814","post","type-post","status-publish","format-aside","has-post-thumbnail","hentry","category-entreprise-news-fr","post_format-post-format-aside"],"yoast_head":"<!-- This site is optimized with the Yoast SEO plugin v27.4 - https:\/\/yoast.com\/product\/yoast-seo-wordpress\/ -->\n<title>Nouvelles heures d&#039;ouverture - OST-Fenster<\/title>\n<meta name=\"robots\" content=\"index, follow, max-snippet:-1, max-image-preview:large, max-video-preview:-1\" \/>\n<link rel=\"canonical\" href=\"https:\/\/www.ost.lu\/fr\/nouvelles-heures-douverture\/\" \/>\n<meta property=\"og:locale\" content=\"fr_FR\" \/>\n<meta property=\"og:type\" content=\"article\" \/>\n<meta property=\"og:title\" content=\"Nouvelles heures d&#039;ouverture - OST-Fenster\" \/>\n<meta property=\"og:description\" content=\"Nouvelles heures d&#039;ouverture!\" \/>\n<meta property=\"og:url\" content=\"https:\/\/www.ost.lu\/fr\/nouvelles-heures-douverture\/\" \/>\n<meta property=\"og:site_name\" content=\"OST-Fenster\" \/>\n<meta property=\"article:publisher\" content=\"https:\/\/www.facebook.com\/OSTFenster\/\" \/>\n<meta property=\"article:published_time\" content=\"2026-03-12T14:00:00+00:00\" \/>\n<meta property=\"og:image\" content=\"https:\/\/www.ost.lu\/wp-content\/uploads\/2026\/03\/Nouvelles-heures-douvertures.jpg\" \/>\n\t<meta property=\"og:image:width\" content=\"823\" \/>\n\t<meta property=\"og:image:height\" content=\"690\" \/>\n\t<meta property=\"og:image:type\" content=\"image\/jpeg\" \/>\n<meta name=\"author\" content=\"Sarah\" \/>\n<meta name=\"twitter:card\" content=\"summary_large_image\" \/>\n<meta name=\"twitter:label1\" content=\"\u00c9crit par\" \/>\n\t<meta name=\"twitter:data1\" content=\"Sarah\" \/>\n\t<meta name=\"twitter:label2\" content=\"Dur\u00e9e de lecture estim\u00e9e\" \/>\n\t<meta name=\"twitter:data2\" content=\"1 minute\" \/>\n<script type=\"application\/ld+json\" class=\"yoast-schema-graph\">{\"@context\":\"https:\\\/\\\/schema.org\",\"@graph\":[{\"@type\":\"Article\",\"@id\":\"https:\\\/\\\/www.ost.lu\\\/fr\\\/nouvelles-heures-douverture\\\/#article\",\"isPartOf\":{\"@id\":\"https:\\\/\\\/www.ost.lu\\\/fr\\\/nouvelles-heures-douverture\\\/\"},\"author\":{\"name\":\"Sarah\",\"@id\":\"https:\\\/\\\/www.ost.lu\\\/fr\\\/#\\\/schema\\\/person\\\/de9ee7e4024402e658b85755441a4afd\"},\"headline\":\"Nouvelles heures d&rsquo;ouverture\",\"datePublished\":\"2026-03-12T14:00:00+00:00\",\"mainEntityOfPage\":{\"@id\":\"https:\\\/\\\/www.ost.lu\\\/fr\\\/nouvelles-heures-douverture\\\/\"},\"wordCount\":32,\"publisher\":{\"@id\":\"https:\\\/\\\/www.ost.lu\\\/fr\\\/#organization\"},\"image\":{\"@id\":\"https:\\\/\\\/www.ost.lu\\\/fr\\\/nouvelles-heures-douverture\\\/#primaryimage\"},\"thumbnailUrl\":\"https:\\\/\\\/www.ost.lu\\\/wp-content\\\/uploads\\\/2026\\\/03\\\/Nouvelles-heures-douvertures.jpg\",\"articleSection\":[\"Entreprise\"],\"inLanguage\":\"fr-FR\"},{\"@type\":\"WebPage\",\"@id\":\"https:\\\/\\\/www.ost.lu\\\/fr\\\/nouvelles-heures-douverture\\\/\",\"url\":\"https:\\\/\\\/www.ost.lu\\\/fr\\\/nouvelles-heures-douverture\\\/\",\"name\":\"Nouvelles heures d'ouverture - OST-Fenster\",\"isPartOf\":{\"@id\":\"https:\\\/\\\/www.ost.lu\\\/fr\\\/#website\"},\"primaryImageOfPage\":{\"@id\":\"https:\\\/\\\/www.ost.lu\\\/fr\\\/nouvelles-heures-douverture\\\/#primaryimage\"},\"image\":{\"@id\":\"https:\\\/\\\/www.ost.lu\\\/fr\\\/nouvelles-heures-douverture\\\/#primaryimage\"},\"thumbnailUrl\":\"https:\\\/\\\/www.ost.lu\\\/wp-content\\\/uploads\\\/2026\\\/03\\\/Nouvelles-heures-douvertures.jpg\",\"datePublished\":\"2026-03-12T14:00:00+00:00\",\"breadcrumb\":{\"@id\":\"https:\\\/\\\/www.ost.lu\\\/fr\\\/nouvelles-heures-douverture\\\/#breadcrumb\"},\"inLanguage\":\"fr-FR\",\"potentialAction\":[{\"@type\":\"ReadAction\",\"target\":[\"https:\\\/\\\/www.ost.lu\\\/fr\\\/nouvelles-heures-douverture\\\/\"]}]},{\"@type\":\"ImageObject\",\"inLanguage\":\"fr-FR\",\"@id\":\"https:\\\/\\\/www.ost.lu\\\/fr\\\/nouvelles-heures-douverture\\\/#primaryimage\",\"url\":\"https:\\\/\\\/www.ost.lu\\\/wp-content\\\/uploads\\\/2026\\\/03\\\/Nouvelles-heures-douvertures.jpg\",\"contentUrl\":\"https:\\\/\\\/www.ost.lu\\\/wp-content\\\/uploads\\\/2026\\\/03\\\/Nouvelles-heures-douvertures.jpg\",\"width\":823,\"height\":690,\"caption\":\"Nouvelles heures d'ouvertures - ferm\u00e9 samedi\"},{\"@type\":\"BreadcrumbList\",\"@id\":\"https:\\\/\\\/www.ost.lu\\\/fr\\\/nouvelles-heures-douverture\\\/#breadcrumb\",\"itemListElement\":[{\"@type\":\"ListItem\",\"position\":1,\"name\":\"Startseite\",\"item\":\"https:\\\/\\\/www.ost.lu\\\/fr\\\/\"},{\"@type\":\"ListItem\",\"position\":2,\"name\":\"Nouvelles heures d&#8217;ouverture\"}]},{\"@type\":\"WebSite\",\"@id\":\"https:\\\/\\\/www.ost.lu\\\/fr\\\/#website\",\"url\":\"https:\\\/\\\/www.ost.lu\\\/fr\\\/\",\"name\":\"OST-Fenster\",\"description\":\"Fenster, T\u00fcren, Glassfassaden\",\"publisher\":{\"@id\":\"https:\\\/\\\/www.ost.lu\\\/fr\\\/#organization\"},\"potentialAction\":[{\"@type\":\"SearchAction\",\"target\":{\"@type\":\"EntryPoint\",\"urlTemplate\":\"https:\\\/\\\/www.ost.lu\\\/fr\\\/?s={search_term_string}\"},\"query-input\":{\"@type\":\"PropertyValueSpecification\",\"valueRequired\":true,\"valueName\":\"search_term_string\"}}],\"inLanguage\":\"fr-FR\"},{\"@type\":\"Organization\",\"@id\":\"https:\\\/\\\/www.ost.lu\\\/fr\\\/#organization\",\"name\":\"OST-Fenster S.A.\",\"url\":\"https:\\\/\\\/www.ost.lu\\\/fr\\\/\",\"logo\":{\"@type\":\"ImageObject\",\"inLanguage\":\"fr-FR\",\"@id\":\"https:\\\/\\\/www.ost.lu\\\/fr\\\/#\\\/schema\\\/logo\\\/image\\\/\",\"url\":\"https:\\\/\\\/www.ost.lu\\\/wp-content\\\/uploads\\\/2020\\\/01\\\/OSTlogo2_retina.png\",\"contentUrl\":\"https:\\\/\\\/www.ost.lu\\\/wp-content\\\/uploads\\\/2020\\\/01\\\/OSTlogo2_retina.png\",\"width\":239,\"height\":182,\"caption\":\"OST-Fenster S.A.\"},\"image\":{\"@id\":\"https:\\\/\\\/www.ost.lu\\\/fr\\\/#\\\/schema\\\/logo\\\/image\\\/\"},\"sameAs\":[\"https:\\\/\\\/www.facebook.com\\\/OSTFenster\\\/\",\"https:\\\/\\\/www.linkedin.com\\\/company\\\/ost-fenster\\\/?originalSubdomain=lu\"]},{\"@type\":\"Person\",\"@id\":\"https:\\\/\\\/www.ost.lu\\\/fr\\\/#\\\/schema\\\/person\\\/de9ee7e4024402e658b85755441a4afd\",\"name\":\"Sarah\"}]}<\/script>\n<!-- \/ Yoast SEO plugin. -->","yoast_head_json":{"title":"Nouvelles heures d'ouverture - OST-Fenster","robots":{"index":"index","follow":"follow","max-snippet":"max-snippet:-1","max-image-preview":"max-image-preview:large","max-video-preview":"max-video-preview:-1"},"canonical":"https:\/\/www.ost.lu\/fr\/nouvelles-heures-douverture\/","og_locale":"fr_FR","og_type":"article","og_title":"Nouvelles heures d'ouverture - OST-Fenster","og_description":"Nouvelles heures d'ouverture!","og_url":"https:\/\/www.ost.lu\/fr\/nouvelles-heures-douverture\/","og_site_name":"OST-Fenster","article_publisher":"https:\/\/www.facebook.com\/OSTFenster\/","article_published_time":"2026-03-12T14:00:00+00:00","og_image":[{"width":823,"height":690,"url":"https:\/\/www.ost.lu\/wp-content\/uploads\/2026\/03\/Nouvelles-heures-douvertures.jpg","type":"image\/jpeg"}],"author":"Sarah","twitter_card":"summary_large_image","twitter_misc":{"\u00c9crit par":"Sarah","Dur\u00e9e de lecture estim\u00e9e":"1 minute"},"schema":{"@context":"https:\/\/schema.org","@graph":[{"@type":"Article","@id":"https:\/\/www.ost.lu\/fr\/nouvelles-heures-douverture\/#article","isPartOf":{"@id":"https:\/\/www.ost.lu\/fr\/nouvelles-heures-douverture\/"},"author":{"name":"Sarah","@id":"https:\/\/www.ost.lu\/fr\/#\/schema\/person\/de9ee7e4024402e658b85755441a4afd"},"headline":"Nouvelles heures d&rsquo;ouverture","datePublished":"2026-03-12T14:00:00+00:00","mainEntityOfPage":{"@id":"https:\/\/www.ost.lu\/fr\/nouvelles-heures-douverture\/"},"wordCount":32,"publisher":{"@id":"https:\/\/www.ost.lu\/fr\/#organization"},"image":{"@id":"https:\/\/www.ost.lu\/fr\/nouvelles-heures-douverture\/#primaryimage"},"thumbnailUrl":"https:\/\/www.ost.lu\/wp-content\/uploads\/2026\/03\/Nouvelles-heures-douvertures.jpg","articleSection":["Entreprise"],"inLanguage":"fr-FR"},{"@type":"WebPage","@id":"https:\/\/www.ost.lu\/fr\/nouvelles-heures-douverture\/","url":"https:\/\/www.ost.lu\/fr\/nouvelles-heures-douverture\/","name":"Nouvelles heures d'ouverture - OST-Fenster","isPartOf":{"@id":"https:\/\/www.ost.lu\/fr\/#website"},"primaryImageOfPage":{"@id":"https:\/\/www.ost.lu\/fr\/nouvelles-heures-douverture\/#primaryimage"},"image":{"@id":"https:\/\/www.ost.lu\/fr\/nouvelles-heures-douverture\/#primaryimage"},"thumbnailUrl":"https:\/\/www.ost.lu\/wp-content\/uploads\/2026\/03\/Nouvelles-heures-douvertures.jpg","datePublished":"2026-03-12T14:00:00+00:00","breadcrumb":{"@id":"https:\/\/www.ost.lu\/fr\/nouvelles-heures-douverture\/#breadcrumb"},"inLanguage":"fr-FR","potentialAction":[{"@type":"ReadAction","target":["https:\/\/www.ost.lu\/fr\/nouvelles-heures-douverture\/"]}]},{"@type":"ImageObject","inLanguage":"fr-FR","@id":"https:\/\/www.ost.lu\/fr\/nouvelles-heures-douverture\/#primaryimage","url":"https:\/\/www.ost.lu\/wp-content\/uploads\/2026\/03\/Nouvelles-heures-douvertures.jpg","contentUrl":"https:\/\/www.ost.lu\/wp-content\/uploads\/2026\/03\/Nouvelles-heures-douvertures.jpg","width":823,"height":690,"caption":"Nouvelles heures d'ouvertures - ferm\u00e9 samedi"},{"@type":"BreadcrumbList","@id":"https:\/\/www.ost.lu\/fr\/nouvelles-heures-douverture\/#breadcrumb","itemListElement":[{"@type":"ListItem","position":1,"name":"Startseite","item":"https:\/\/www.ost.lu\/fr\/"},{"@type":"ListItem","position":2,"name":"Nouvelles heures d&#8217;ouverture"}]},{"@type":"WebSite","@id":"https:\/\/www.ost.lu\/fr\/#website","url":"https:\/\/www.ost.lu\/fr\/","name":"OST-Fenster","description":"Fenster, T\u00fcren, Glassfassaden","publisher":{"@id":"https:\/\/www.ost.lu\/fr\/#organization"},"potentialAction":[{"@type":"SearchAction","target":{"@type":"EntryPoint","urlTemplate":"https:\/\/www.ost.lu\/fr\/?s={search_term_string}"},"query-input":{"@type":"PropertyValueSpecification","valueRequired":true,"valueName":"search_term_string"}}],"inLanguage":"fr-FR"},{"@type":"Organization","@id":"https:\/\/www.ost.lu\/fr\/#organization","name":"OST-Fenster S.A.","url":"https:\/\/www.ost.lu\/fr\/","logo":{"@type":"ImageObject","inLanguage":"fr-FR","@id":"https:\/\/www.ost.lu\/fr\/#\/schema\/logo\/image\/","url":"https:\/\/www.ost.lu\/wp-content\/uploads\/2020\/01\/OSTlogo2_retina.png","contentUrl":"https:\/\/www.ost.lu\/wp-content\/uploads\/2020\/01\/OSTlogo2_retina.png","width":239,"height":182,"caption":"OST-Fenster S.A."},"image":{"@id":"https:\/\/www.ost.lu\/fr\/#\/schema\/logo\/image\/"},"sameAs":["https:\/\/www.facebook.com\/OSTFenster\/","https:\/\/www.linkedin.com\/company\/ost-fenster\/?originalSubdomain=lu"]},{"@type":"Person","@id":"https:\/\/www.ost.lu\/fr\/#\/schema\/person\/de9ee7e4024402e658b85755441a4afd","name":"Sarah"}]}},"_links":{"self":[{"href":"https:\/\/www.ost.lu\/fr\/wp-json\/wp\/v2\/posts\/11814","targetHints":{"allow":["GET"]}}],"collection":[{"href":"https:\/\/www.ost.lu\/fr\/wp-json\/wp\/v2\/posts"}],"about":[{"href":"https:\/\/www.ost.lu\/fr\/wp-json\/wp\/v2\/types\/post"}],"author":[{"embeddable":true,"href":"https:\/\/www.ost.lu\/fr\/wp-json\/wp\/v2\/users\/5"}],"replies":[{"embeddable":true,"href":"https:\/\/www.ost.lu\/fr\/wp-json\/wp\/v2\/comments?post=11814"}],"version-history":[{"count":79,"href":"https:\/\/www.ost.lu\/fr\/wp-json\/wp\/v2\/posts\/11814\/revisions"}],"predecessor-version":[{"id":30892,"href":"https:\/\/www.ost.lu\/fr\/wp-json\/wp\/v2\/posts\/11814\/revisions\/30892"}],"wp:featuredmedia":[{"embeddable":true,"href":"https:\/\/www.ost.lu\/fr\/wp-json\/wp\/v2\/media\/30887"}],"wp:attachment":[{"href":"https:\/\/www.ost.lu\/fr\/wp-json\/wp\/v2\/media?parent=11814"}],"wp:term":[{"taxonomy":"category","embeddable":true,"href":"https:\/\/www.ost.lu\/fr\/wp-json\/wp\/v2\/categories?post=11814"},{"taxonomy":"post_tag","embeddable":true,"href":"https:\/\/www.ost.lu\/fr\/wp-json\/wp\/v2\/tags?post=11814"}],"curies":[{"name":"wp","href":"https:\/\/api.w.org\/{rel}","templated":true}]}}